{"id":555,"date":"2022-11-24T08:49:44","date_gmt":"2022-11-24T06:49:44","guid":{"rendered":"http:\/\/www.lehtosaari.fi\/lehtosaari\/?p=555"},"modified":"2022-12-13T18:33:50","modified_gmt":"2022-12-13T16:33:50","slug":"valitus-hartolan-kunnan-toiminnasta-hallinto-oikeuteen","status":"publish","type":"post","link":"http:\/\/www.lehtosaari.fi\/lehtosaari\/blog\/2022\/11\/24\/valitus-hartolan-kunnan-toiminnasta-hallinto-oikeuteen\/","title":{"rendered":"Valitus Hartolan kunnan toiminnasta hallinto-oikeuteen"},"content":{"rendered":"\n<p>Kommentoin lyhyesti keskener\u00e4ist\u00e4 asiaa. On surullista ett\u00e4 Hartolan kunnanjohtaja Jarkko Sepp\u00e4l\u00e4 yritt\u00e4\u00e4 k\u00e4\u00e4nt\u00e4\u00e4 omat ep\u00e4p\u00e4tevyytens\u00e4 ja selke\u00e4t virheens\u00e4 veljes riidaksi. V\u00e4lini veljeeni on oikein hyv\u00e4t sek\u00e4 veljellisesti ett\u00e4 ammatillisesti. On inhottavaa ett\u00e4 kunnanjohtajan negatiivinen asennoituminen minuun, vastustamiini kunnan toimiin sek\u00e4 puolueeseni saa h\u00e4net toimimaan halpamaisesti. Veljeni on asiassa surullisesti t\u00e4ysin syytt\u00e4 eniten k\u00e4rsiv\u00e4n\u00e4 kunnan ep\u00e4p\u00e4tevist\u00e4 toimista johtuen.<\/p>\n\n\n\n<figure class=\"wp-block-image size-full\"><img loading=\"lazy\" decoding=\"async\" width=\"450\" height=\"642\" src=\"http:\/\/www.lehtosaari.fi\/lehtosaari\/wp-content\/uploads\/2022\/11\/kunnanjohtaja.png\" alt=\"\" class=\"wp-image-559\"\/><\/figure>\n\n\n\n<p>Asia liittyy 23.11.2022 It\u00e4-H\u00e4meen <a href=\"https:\/\/www.itahame.fi\/paikalliset\/5547948\">juttuun<\/a>. Yritin saada 23.11 illalla valtuustoseminaarin j\u00e4lkeen kommenttini It\u00e4-H\u00e4meen digi ja paperi juttuun mutta en kerennyt niin kirjoitin vastineen. Asia on kesken, <a href=\"https:\/\/hartola.fi\/D10_Julkaisu\/cgi\/DREQUEST.PHP?page=meetingitem&amp;id=2022131-10\">ohesta<\/a> voit k\u00e4yd\u00e4 lukemassa kunnanjohtajan kirjoittaman vastineen hallinto-oikeudelle johon olen asiassa viitannut. <\/p>\n","protected":false},"excerpt":{"rendered":"<p>Kommentoin lyhyesti keskener\u00e4ist\u00e4 asiaa. On surullista ett\u00e4 Hartolan kunnanjohtaja Jarkko Sepp\u00e4l\u00e4 yritt\u00e4\u00e4 k\u00e4\u00e4nt\u00e4\u00e4 omat ep\u00e4p\u00e4tevyytens\u00e4 ja selke\u00e4t virheens\u00e4 veljes riidaksi. V\u00e4lini veljeeni on oikein hyv\u00e4t sek\u00e4 veljellisesti ett\u00e4 ammatillisesti. On inhottavaa ett\u00e4 kunnanjohtajan negatiivinen asennoituminen minuun, vastustamiini kunnan toimiin sek\u00e4 puolueeseni saa h\u00e4net toimimaan halpamaisesti. Veljeni on asiassa surullisesti t\u00e4ysin syytt\u00e4 eniten k\u00e4rsiv\u00e4n\u00e4 kunnan ep\u00e4p\u00e4tevist\u00e4 &hellip; <a href=\"http:\/\/www.lehtosaari.fi\/lehtosaari\/blog\/2022\/11\/24\/valitus-hartolan-kunnan-toiminnasta-hallinto-oikeuteen\/\" class=\"more-link\">Continue reading<span class=\"screen-reader-text\"> &#8220;Valitus Hartolan kunnan toiminnasta hallinto-oikeuteen&#8221;<\/span><\/a><\/p>\n","protected":false},"author":2,"featured_media":0,"comment_status":"open","ping_status":"open","sticky":false,"template":"","format":"standard","meta":{"_jetpack_memberships_contains_paid_content":false,"footnotes":"","_links_to":"","_links_to_target":""},"categories":[38],"tags":[35,36],"class_list":["post-555","post","type-post","status-publish","format-standard","hentry","category-hartola","tag-hartola","tag-tuulivoima"],"yoast_head":"<!-- This site is optimized with the Yoast SEO plugin v27.5 - https:\/\/yoast.com\/product\/yoast-seo-wordpress\/ -->\n<title>Valitus Hartolan kunnan toiminnasta hallinto-oikeuteen - Lehtosaari.fi<\/title>\n<meta name=\"robots\" content=\"index, follow, max-snippet:-1, max-image-preview:large, max-video-preview:-1\" \/>\n<link rel=\"canonical\" href=\"http:\/\/www.lehtosaari.fi\/lehtosaari\/blog\/2022\/11\/24\/valitus-hartolan-kunnan-toiminnasta-hallinto-oikeuteen\/\" \/>\n<meta property=\"og:locale\" content=\"en_US\" \/>\n<meta property=\"og:type\" content=\"article\" \/>\n<meta property=\"og:title\" content=\"Valitus Hartolan kunnan toiminnasta hallinto-oikeuteen - Lehtosaari.fi\" \/>\n<meta property=\"og:description\" content=\"Kommentoin lyhyesti keskener\u00e4ist\u00e4 asiaa. On surullista ett\u00e4 Hartolan kunnanjohtaja Jarkko Sepp\u00e4l\u00e4 yritt\u00e4\u00e4 k\u00e4\u00e4nt\u00e4\u00e4 omat ep\u00e4p\u00e4tevyytens\u00e4 ja selke\u00e4t virheens\u00e4 veljes riidaksi. V\u00e4lini veljeeni on oikein hyv\u00e4t sek\u00e4 veljellisesti ett\u00e4 ammatillisesti. On inhottavaa ett\u00e4 kunnanjohtajan negatiivinen asennoituminen minuun, vastustamiini kunnan toimiin sek\u00e4 puolueeseni saa h\u00e4net toimimaan halpamaisesti. Veljeni on asiassa surullisesti t\u00e4ysin syytt\u00e4 eniten k\u00e4rsiv\u00e4n\u00e4 kunnan ep\u00e4p\u00e4tevist\u00e4 &hellip; Continue reading &quot;Valitus Hartolan kunnan toiminnasta hallinto-oikeuteen&quot;\" \/>\n<meta property=\"og:url\" content=\"http:\/\/www.lehtosaari.fi\/lehtosaari\/blog\/2022\/11\/24\/valitus-hartolan-kunnan-toiminnasta-hallinto-oikeuteen\/\" \/>\n<meta property=\"og:site_name\" content=\"Lehtosaari.fi\" \/>\n<meta property=\"article:publisher\" content=\"https:\/\/www.facebook.com\/velipekka.lehtosaari\" \/>\n<meta property=\"article:author\" content=\"https:\/\/www.facebook.com\/velipekka.lehtosaari\" \/>\n<meta property=\"article:published_time\" content=\"2022-11-24T06:49:44+00:00\" \/>\n<meta property=\"article:modified_time\" content=\"2022-12-13T16:33:50+00:00\" \/>\n<meta property=\"og:image\" content=\"http:\/\/www.lehtosaari.fi\/lehtosaari\/wp-content\/uploads\/2022\/11\/kunnanjohtaja.png\" \/>\n<meta name=\"author\" content=\"Veli-Pekka Lehtosaari\" \/>\n<meta name=\"twitter:card\" content=\"summary_large_image\" \/>\n<meta name=\"twitter:creator\" content=\"@vplehto\" \/>\n<meta name=\"twitter:site\" content=\"@vplehto\" \/>\n<meta name=\"twitter:label1\" content=\"Written by\" \/>\n\t<meta name=\"twitter:data1\" content=\"Veli-Pekka Lehtosaari\" \/>\n\t<meta name=\"twitter:label2\" content=\"Est. reading time\" \/>\n\t<meta name=\"twitter:data2\" content=\"1 minute\" \/>\n<script type=\"application\/ld+json\" class=\"yoast-schema-graph\">{\"@context\":\"https:\\\/\\\/schema.org\",\"@graph\":[{\"@type\":\"Article\",\"@id\":\"http:\\\/\\\/www.lehtosaari.fi\\\/lehtosaari\\\/blog\\\/2022\\\/11\\\/24\\\/valitus-hartolan-kunnan-toiminnasta-hallinto-oikeuteen\\\/#article\",\"isPartOf\":{\"@id\":\"http:\\\/\\\/www.lehtosaari.fi\\\/lehtosaari\\\/blog\\\/2022\\\/11\\\/24\\\/valitus-hartolan-kunnan-toiminnasta-hallinto-oikeuteen\\\/\"},\"author\":{\"name\":\"Veli-Pekka Lehtosaari\",\"@id\":\"http:\\\/\\\/www.lehtosaari.fi\\\/lehtosaari\\\/#\\\/schema\\\/person\\\/611e219337ca0640ca4d1a4f104789d6\"},\"headline\":\"Valitus Hartolan kunnan toiminnasta hallinto-oikeuteen\",\"datePublished\":\"2022-11-24T06:49:44+00:00\",\"dateModified\":\"2022-12-13T16:33:50+00:00\",\"mainEntityOfPage\":{\"@id\":\"http:\\\/\\\/www.lehtosaari.fi\\\/lehtosaari\\\/blog\\\/2022\\\/11\\\/24\\\/valitus-hartolan-kunnan-toiminnasta-hallinto-oikeuteen\\\/\"},\"wordCount\":118,\"commentCount\":0,\"publisher\":{\"@id\":\"http:\\\/\\\/www.lehtosaari.fi\\\/lehtosaari\\\/#\\\/schema\\\/person\\\/611e219337ca0640ca4d1a4f104789d6\"},\"image\":{\"@id\":\"http:\\\/\\\/www.lehtosaari.fi\\\/lehtosaari\\\/blog\\\/2022\\\/11\\\/24\\\/valitus-hartolan-kunnan-toiminnasta-hallinto-oikeuteen\\\/#primaryimage\"},\"thumbnailUrl\":\"http:\\\/\\\/www.lehtosaari.fi\\\/lehtosaari\\\/wp-content\\\/uploads\\\/2022\\\/11\\\/kunnanjohtaja.png\",\"keywords\":[\"Hartola\",\"tuulivoima\"],\"articleSection\":[\"Hartola\"],\"inLanguage\":\"en-US\",\"potentialAction\":[{\"@type\":\"CommentAction\",\"name\":\"Comment\",\"target\":[\"http:\\\/\\\/www.lehtosaari.fi\\\/lehtosaari\\\/blog\\\/2022\\\/11\\\/24\\\/valitus-hartolan-kunnan-toiminnasta-hallinto-oikeuteen\\\/#respond\"]}]},{\"@type\":\"WebPage\",\"@id\":\"http:\\\/\\\/www.lehtosaari.fi\\\/lehtosaari\\\/blog\\\/2022\\\/11\\\/24\\\/valitus-hartolan-kunnan-toiminnasta-hallinto-oikeuteen\\\/\",\"url\":\"http:\\\/\\\/www.lehtosaari.fi\\\/lehtosaari\\\/blog\\\/2022\\\/11\\\/24\\\/valitus-hartolan-kunnan-toiminnasta-hallinto-oikeuteen\\\/\",\"name\":\"Valitus Hartolan kunnan toiminnasta hallinto-oikeuteen - Lehtosaari.fi\",\"isPartOf\":{\"@id\":\"http:\\\/\\\/www.lehtosaari.fi\\\/lehtosaari\\\/#website\"},\"primaryImageOfPage\":{\"@id\":\"http:\\\/\\\/www.lehtosaari.fi\\\/lehtosaari\\\/blog\\\/2022\\\/11\\\/24\\\/valitus-hartolan-kunnan-toiminnasta-hallinto-oikeuteen\\\/#primaryimage\"},\"image\":{\"@id\":\"http:\\\/\\\/www.lehtosaari.fi\\\/lehtosaari\\\/blog\\\/2022\\\/11\\\/24\\\/valitus-hartolan-kunnan-toiminnasta-hallinto-oikeuteen\\\/#primaryimage\"},\"thumbnailUrl\":\"http:\\\/\\\/www.lehtosaari.fi\\\/lehtosaari\\\/wp-content\\\/uploads\\\/2022\\\/11\\\/kunnanjohtaja.png\",\"datePublished\":\"2022-11-24T06:49:44+00:00\",\"dateModified\":\"2022-12-13T16:33:50+00:00\",\"inLanguage\":\"en-US\",\"potentialAction\":[{\"@type\":\"ReadAction\",\"target\":[\"http:\\\/\\\/www.lehtosaari.fi\\\/lehtosaari\\\/blog\\\/2022\\\/11\\\/24\\\/valitus-hartolan-kunnan-toiminnasta-hallinto-oikeuteen\\\/\"]}]},{\"@type\":\"ImageObject\",\"inLanguage\":\"en-US\",\"@id\":\"http:\\\/\\\/www.lehtosaari.fi\\\/lehtosaari\\\/blog\\\/2022\\\/11\\\/24\\\/valitus-hartolan-kunnan-toiminnasta-hallinto-oikeuteen\\\/#primaryimage\",\"url\":\"http:\\\/\\\/www.lehtosaari.fi\\\/lehtosaari\\\/wp-content\\\/uploads\\\/2022\\\/11\\\/kunnanjohtaja.png\",\"contentUrl\":\"http:\\\/\\\/www.lehtosaari.fi\\\/lehtosaari\\\/wp-content\\\/uploads\\\/2022\\\/11\\\/kunnanjohtaja.png\",\"width\":450,\"height\":642},{\"@type\":\"WebSite\",\"@id\":\"http:\\\/\\\/www.lehtosaari.fi\\\/lehtosaari\\\/#website\",\"url\":\"http:\\\/\\\/www.lehtosaari.fi\\\/lehtosaari\\\/\",\"name\":\"Lehtosaari.fi\",\"description\":\"Lehtosaari Veli-Pekka kuulumiset.\",\"publisher\":{\"@id\":\"http:\\\/\\\/www.lehtosaari.fi\\\/lehtosaari\\\/#\\\/schema\\\/person\\\/611e219337ca0640ca4d1a4f104789d6\"},\"potentialAction\":[{\"@type\":\"SearchAction\",\"target\":{\"@type\":\"EntryPoint\",\"urlTemplate\":\"http:\\\/\\\/www.lehtosaari.fi\\\/lehtosaari\\\/?s={search_term_string}\"},\"query-input\":{\"@type\":\"PropertyValueSpecification\",\"valueRequired\":true,\"valueName\":\"search_term_string\"}}],\"inLanguage\":\"en-US\"},{\"@type\":[\"Person\",\"Organization\"],\"@id\":\"http:\\\/\\\/www.lehtosaari.fi\\\/lehtosaari\\\/#\\\/schema\\\/person\\\/611e219337ca0640ca4d1a4f104789d6\",\"name\":\"Veli-Pekka Lehtosaari\",\"image\":{\"@type\":\"ImageObject\",\"inLanguage\":\"en-US\",\"@id\":\"http:\\\/\\\/www.lehtosaari.fi\\\/lehtosaari\\\/wp-content\\\/uploads\\\/2022\\\/09\\\/IMG_20220903_105353-scaled.jpg\",\"url\":\"http:\\\/\\\/www.lehtosaari.fi\\\/lehtosaari\\\/wp-content\\\/uploads\\\/2022\\\/09\\\/IMG_20220903_105353-scaled.jpg\",\"contentUrl\":\"http:\\\/\\\/www.lehtosaari.fi\\\/lehtosaari\\\/wp-content\\\/uploads\\\/2022\\\/09\\\/IMG_20220903_105353-scaled.jpg\",\"width\":2560,\"height\":1440,\"caption\":\"Veli-Pekka Lehtosaari\"},\"logo\":{\"@id\":\"http:\\\/\\\/www.lehtosaari.fi\\\/lehtosaari\\\/wp-content\\\/uploads\\\/2022\\\/09\\\/IMG_20220903_105353-scaled.jpg\"},\"description\":\"Veli-Pekka Lehtosaari, most call me VP, age 52 (2025), CEO, Consult, M.Sc.(Tech), Electronics, ICT 1997, Single, 2 children (Girls), Hobbies: ICT, Motor Sports, Snowboarding, Politics.\",\"sameAs\":[\"http:\\\/\\\/www.lehtosaari.fi\",\"https:\\\/\\\/www.facebook.com\\\/velipekka.lehtosaari\",\"https:\\\/\\\/www.instagram.com\\\/vplehto\\\/\",\"https:\\\/\\\/www.linkedin.com\\\/in\\\/veli-pekka-lehtosaari-88a00521\\\/\",\"https:\\\/\\\/x.com\\\/vplehto\",\"https:\\\/\\\/www.youtube.com\\\/vplehto\"],\"url\":\"http:\\\/\\\/www.lehtosaari.fi\\\/lehtosaari\\\/blog\\\/author\\\/vplehto\\\/\"}]}<\/script>\n<!-- \/ Yoast SEO plugin. -->","yoast_head_json":{"title":"Valitus Hartolan kunnan toiminnasta hallinto-oikeuteen - Lehtosaari.fi","robots":{"index":"index","follow":"follow","max-snippet":"max-snippet:-1","max-image-preview":"max-image-preview:large","max-video-preview":"max-video-preview:-1"},"canonical":"http:\/\/www.lehtosaari.fi\/lehtosaari\/blog\/2022\/11\/24\/valitus-hartolan-kunnan-toiminnasta-hallinto-oikeuteen\/","og_locale":"en_US","og_type":"article","og_title":"Valitus Hartolan kunnan toiminnasta hallinto-oikeuteen - Lehtosaari.fi","og_description":"Kommentoin lyhyesti keskener\u00e4ist\u00e4 asiaa. On surullista ett\u00e4 Hartolan kunnanjohtaja Jarkko Sepp\u00e4l\u00e4 yritt\u00e4\u00e4 k\u00e4\u00e4nt\u00e4\u00e4 omat ep\u00e4p\u00e4tevyytens\u00e4 ja selke\u00e4t virheens\u00e4 veljes riidaksi. V\u00e4lini veljeeni on oikein hyv\u00e4t sek\u00e4 veljellisesti ett\u00e4 ammatillisesti. On inhottavaa ett\u00e4 kunnanjohtajan negatiivinen asennoituminen minuun, vastustamiini kunnan toimiin sek\u00e4 puolueeseni saa h\u00e4net toimimaan halpamaisesti. Veljeni on asiassa surullisesti t\u00e4ysin syytt\u00e4 eniten k\u00e4rsiv\u00e4n\u00e4 kunnan ep\u00e4p\u00e4tevist\u00e4 &hellip; Continue reading \"Valitus Hartolan kunnan toiminnasta hallinto-oikeuteen\"","og_url":"http:\/\/www.lehtosaari.fi\/lehtosaari\/blog\/2022\/11\/24\/valitus-hartolan-kunnan-toiminnasta-hallinto-oikeuteen\/","og_site_name":"Lehtosaari.fi","article_publisher":"https:\/\/www.facebook.com\/velipekka.lehtosaari","article_author":"https:\/\/www.facebook.com\/velipekka.lehtosaari","article_published_time":"2022-11-24T06:49:44+00:00","article_modified_time":"2022-12-13T16:33:50+00:00","og_image":[{"url":"http:\/\/www.lehtosaari.fi\/lehtosaari\/wp-content\/uploads\/2022\/11\/kunnanjohtaja.png","type":"","width":"","height":""}],"author":"Veli-Pekka Lehtosaari","twitter_card":"summary_large_image","twitter_creator":"@vplehto","twitter_site":"@vplehto","twitter_misc":{"Written by":"Veli-Pekka Lehtosaari","Est. reading time":"1 minute"},"schema":{"@context":"https:\/\/schema.org","@graph":[{"@type":"Article","@id":"http:\/\/www.lehtosaari.fi\/lehtosaari\/blog\/2022\/11\/24\/valitus-hartolan-kunnan-toiminnasta-hallinto-oikeuteen\/#article","isPartOf":{"@id":"http:\/\/www.lehtosaari.fi\/lehtosaari\/blog\/2022\/11\/24\/valitus-hartolan-kunnan-toiminnasta-hallinto-oikeuteen\/"},"author":{"name":"Veli-Pekka Lehtosaari","@id":"http:\/\/www.lehtosaari.fi\/lehtosaari\/#\/schema\/person\/611e219337ca0640ca4d1a4f104789d6"},"headline":"Valitus Hartolan kunnan toiminnasta hallinto-oikeuteen","datePublished":"2022-11-24T06:49:44+00:00","dateModified":"2022-12-13T16:33:50+00:00","mainEntityOfPage":{"@id":"http:\/\/www.lehtosaari.fi\/lehtosaari\/blog\/2022\/11\/24\/valitus-hartolan-kunnan-toiminnasta-hallinto-oikeuteen\/"},"wordCount":118,"commentCount":0,"publisher":{"@id":"http:\/\/www.lehtosaari.fi\/lehtosaari\/#\/schema\/person\/611e219337ca0640ca4d1a4f104789d6"},"image":{"@id":"http:\/\/www.lehtosaari.fi\/lehtosaari\/blog\/2022\/11\/24\/valitus-hartolan-kunnan-toiminnasta-hallinto-oikeuteen\/#primaryimage"},"thumbnailUrl":"http:\/\/www.lehtosaari.fi\/lehtosaari\/wp-content\/uploads\/2022\/11\/kunnanjohtaja.png","keywords":["Hartola","tuulivoima"],"articleSection":["Hartola"],"inLanguage":"en-US","potentialAction":[{"@type":"CommentAction","name":"Comment","target":["http:\/\/www.lehtosaari.fi\/lehtosaari\/blog\/2022\/11\/24\/valitus-hartolan-kunnan-toiminnasta-hallinto-oikeuteen\/#respond"]}]},{"@type":"WebPage","@id":"http:\/\/www.lehtosaari.fi\/lehtosaari\/blog\/2022\/11\/24\/valitus-hartolan-kunnan-toiminnasta-hallinto-oikeuteen\/","url":"http:\/\/www.lehtosaari.fi\/lehtosaari\/blog\/2022\/11\/24\/valitus-hartolan-kunnan-toiminnasta-hallinto-oikeuteen\/","name":"Valitus Hartolan kunnan toiminnasta hallinto-oikeuteen - Lehtosaari.fi","isPartOf":{"@id":"http:\/\/www.lehtosaari.fi\/lehtosaari\/#website"},"primaryImageOfPage":{"@id":"http:\/\/www.lehtosaari.fi\/lehtosaari\/blog\/2022\/11\/24\/valitus-hartolan-kunnan-toiminnasta-hallinto-oikeuteen\/#primaryimage"},"image":{"@id":"http:\/\/www.lehtosaari.fi\/lehtosaari\/blog\/2022\/11\/24\/valitus-hartolan-kunnan-toiminnasta-hallinto-oikeuteen\/#primaryimage"},"thumbnailUrl":"http:\/\/www.lehtosaari.fi\/lehtosaari\/wp-content\/uploads\/2022\/11\/kunnanjohtaja.png","datePublished":"2022-11-24T06:49:44+00:00","dateModified":"2022-12-13T16:33:50+00:00","inLanguage":"en-US","potentialAction":[{"@type":"ReadAction","target":["http:\/\/www.lehtosaari.fi\/lehtosaari\/blog\/2022\/11\/24\/valitus-hartolan-kunnan-toiminnasta-hallinto-oikeuteen\/"]}]},{"@type":"ImageObject","inLanguage":"en-US","@id":"http:\/\/www.lehtosaari.fi\/lehtosaari\/blog\/2022\/11\/24\/valitus-hartolan-kunnan-toiminnasta-hallinto-oikeuteen\/#primaryimage","url":"http:\/\/www.lehtosaari.fi\/lehtosaari\/wp-content\/uploads\/2022\/11\/kunnanjohtaja.png","contentUrl":"http:\/\/www.lehtosaari.fi\/lehtosaari\/wp-content\/uploads\/2022\/11\/kunnanjohtaja.png","width":450,"height":642},{"@type":"WebSite","@id":"http:\/\/www.lehtosaari.fi\/lehtosaari\/#website","url":"http:\/\/www.lehtosaari.fi\/lehtosaari\/","name":"Lehtosaari.fi","description":"Lehtosaari Veli-Pekka kuulumiset.","publisher":{"@id":"http:\/\/www.lehtosaari.fi\/lehtosaari\/#\/schema\/person\/611e219337ca0640ca4d1a4f104789d6"},"potentialAction":[{"@type":"SearchAction","target":{"@type":"EntryPoint","urlTemplate":"http:\/\/www.lehtosaari.fi\/lehtosaari\/?s={search_term_string}"},"query-input":{"@type":"PropertyValueSpecification","valueRequired":true,"valueName":"search_term_string"}}],"inLanguage":"en-US"},{"@type":["Person","Organization"],"@id":"http:\/\/www.lehtosaari.fi\/lehtosaari\/#\/schema\/person\/611e219337ca0640ca4d1a4f104789d6","name":"Veli-Pekka Lehtosaari","image":{"@type":"ImageObject","inLanguage":"en-US","@id":"http:\/\/www.lehtosaari.fi\/lehtosaari\/wp-content\/uploads\/2022\/09\/IMG_20220903_105353-scaled.jpg","url":"http:\/\/www.lehtosaari.fi\/lehtosaari\/wp-content\/uploads\/2022\/09\/IMG_20220903_105353-scaled.jpg","contentUrl":"http:\/\/www.lehtosaari.fi\/lehtosaari\/wp-content\/uploads\/2022\/09\/IMG_20220903_105353-scaled.jpg","width":2560,"height":1440,"caption":"Veli-Pekka Lehtosaari"},"logo":{"@id":"http:\/\/www.lehtosaari.fi\/lehtosaari\/wp-content\/uploads\/2022\/09\/IMG_20220903_105353-scaled.jpg"},"description":"Veli-Pekka Lehtosaari, most call me VP, age 52 (2025), CEO, Consult, M.Sc.(Tech), Electronics, ICT 1997, Single, 2 children (Girls), Hobbies: ICT, Motor Sports, Snowboarding, Politics.","sameAs":["http:\/\/www.lehtosaari.fi","https:\/\/www.facebook.com\/velipekka.lehtosaari","https:\/\/www.instagram.com\/vplehto\/","https:\/\/www.linkedin.com\/in\/veli-pekka-lehtosaari-88a00521\/","https:\/\/x.com\/vplehto","https:\/\/www.youtube.com\/vplehto"],"url":"http:\/\/www.lehtosaari.fi\/lehtosaari\/blog\/author\/vplehto\/"}]}},"jetpack_featured_media_url":"","jetpack_sharing_enabled":true,"_links":{"self":[{"href":"http:\/\/www.lehtosaari.fi\/lehtosaari\/wp-json\/wp\/v2\/posts\/555","targetHints":{"allow":["GET"]}}],"collection":[{"href":"http:\/\/www.lehtosaari.fi\/lehtosaari\/wp-json\/wp\/v2\/posts"}],"about":[{"href":"http:\/\/www.lehtosaari.fi\/lehtosaari\/wp-json\/wp\/v2\/types\/post"}],"author":[{"embeddable":true,"href":"http:\/\/www.lehtosaari.fi\/lehtosaari\/wp-json\/wp\/v2\/users\/2"}],"replies":[{"embeddable":true,"href":"http:\/\/www.lehtosaari.fi\/lehtosaari\/wp-json\/wp\/v2\/comments?post=555"}],"version-history":[{"count":4,"href":"http:\/\/www.lehtosaari.fi\/lehtosaari\/wp-json\/wp\/v2\/posts\/555\/revisions"}],"predecessor-version":[{"id":575,"href":"http:\/\/www.lehtosaari.fi\/lehtosaari\/wp-json\/wp\/v2\/posts\/555\/revisions\/575"}],"wp:attachment":[{"href":"http:\/\/www.lehtosaari.fi\/lehtosaari\/wp-json\/wp\/v2\/media?parent=555"}],"wp:term":[{"taxonomy":"category","embeddable":true,"href":"http:\/\/www.lehtosaari.fi\/lehtosaari\/wp-json\/wp\/v2\/categories?post=555"},{"taxonomy":"post_tag","embeddable":true,"href":"http:\/\/www.lehtosaari.fi\/lehtosaari\/wp-json\/wp\/v2\/tags?post=555"}],"curies":[{"name":"wp","href":"https:\/\/api.w.org\/{rel}","templated":true}]}}